{"id":49760,"date":"2022-10-06T15:24:31","date_gmt":"2022-10-06T13:24:31","guid":{"rendered":"https:\/\/eurotherm.eu\/eurotherm-pe-milano-coating-days\/"},"modified":"2025-06-20T11:09:59","modified_gmt":"2025-06-20T09:09:59","slug":"eurotherm-pe-milano-coating-days","status":"publish","type":"post","link":"https:\/\/eurotherm.eu\/de\/eurotherm-pe-milano-coating-days\/","title":{"rendered":"Eurotherm @ P&#038;E Milano Coating Days"},"content":{"rendered":"<p><div class=\\\"respimg-cont\\\"><iframe loading=\"lazy\" width=\"560\" height=\"315\" src=\"https:\/\/www.youtube.com\/embed\/cyjRuDsdEW8&#8242; mobile_image=&#8220; attachment=&#8220; attachment_size=&#8220; format=\" title=\"YouTube video player\" frameborder=\"0\" allow=\"accelerometer; autoplay; clipboard-write; encrypted-media; gyroscope; picture-in-picture; web-share\" referrerpolicy=\"strict-origin-when-cross-origin\" allowfullscreen><\/iframe><\/div><\/p>\n<p><br \/>\nVom 26. bis 27. Oktober wird Eurotherm auf der <a href=\"https:\/\/www.ecocoating.com\/IT\/\" target=\"_blank\" rel=\"noopener\"><u>P&amp;E Milano Coating Days<\/u><\/a> vertreten sein.<\/p>\n<p>Dieser unverzichtbare Branchentreff im Bereich der Oberfl\u00e4chenbehandlung findet im <strong><em>Museo Nazionale della Scienza e della Tecnologia di Milano<\/em><\/strong><em> <strong>\u201eLeonardo da Vinci\u201c<\/strong> <\/em>(Nationalmuseum f\u00fcr Wissenschaft und Technik) in Mailand statt. Ein Standort, der einmal mehr die enge Verbindung zwischen technologischer Innovation und den soliden Traditionen, die das Fundament unserer Branche bilden, verdeutlicht.<\/p>\n<p>Es stimmt zwar, dass sich die Welt der Fertigung zugunsten zunehmend vernetzter, intelligenter und bewusster Prozesse ver\u00e4ndert, doch ist es auch wahr, dass keine Revolution ohne ein tiefgr\u00fcndiges Verst\u00e4ndnis des aktuellen Marktes (einschlie\u00dflich der kritischen Punkte) m\u00f6glich ist.<\/p>\n<p>Digitalisierung, Kreislaufwirtschaft und Nachhaltigkeit sind Schl\u00fcsselbegriffe, die in einem immer anspruchsvoller werdenden Sektor <strong>stets die Lackierqualit\u00e4t zum Ziel haben<\/strong> m\u00fcssen.<\/p>\n<p>Diese zwei Konferenz-, Seminar- und Workshoptage bieten die Gelegenheit, unsere Arbeit und unsere Fortschritte zu pr\u00e4sentieren, aber auch zuzuh\u00f6ren und neue Beziehungen zu kn\u00fcpfen.<\/p>\n<p><a href=\"https:\/\/www.ecocoating.com\/it\/the-show\/visitare\/\" target=\"_blank\" rel=\"noopener\">Wir freuen uns auf Ihren Besuch<\/a>!<br \/>\n<\/p>\n<div class=\"respimg-cont\"><img decoding=\"async\" loading=\"lazy\" src=\"https:\/\/eurotherm.eu\/wp-content\/uploads\/2022\/10\/banner_400x150_Tavola_disegno_1.jpg\" alt=\"Eurotherm\" title=\"Eurotherm\"><\/div>\n","protected":false},"excerpt":{"rendered":"<p>Vom 26. bis 27. Oktober wird Eurotherm auf der P&amp;E Milano Coating Days vertreten sein. Dieser unverzichtbare Branchentreff im Bereich der Oberfl\u00e4chenbehandlung findet im Museo Nazionale della Scienza e della Tecnologia di Milano \u201eLeonardo da Vinci\u201c (Nationalmuseum f\u00fcr Wissenschaft und Technik) in Mailand statt. Ein Standort, der einmal mehr die enge Verbindung zwischen technologischer Innovation [&hellip;]<\/p>\n","protected":false},"author":5,"featured_media":52225,"comment_status":"open","ping_status":"open","sticky":false,"template":"","format":"standard","meta":{"_acf_changed":false,"footnotes":""},"categories":[209],"tags":[],"class_list":["post-49760","post","type-post","status-publish","format-standard","has-post-thumbnail","hentry","category-veranstaltung"],"acf":[],"_links":{"self":[{"href":"https:\/\/eurotherm.eu\/de\/wp-json\/wp\/v2\/posts\/49760","targetHints":{"allow":["GET"]}}],"collection":[{"href":"https:\/\/eurotherm.eu\/de\/wp-json\/wp\/v2\/posts"}],"about":[{"href":"https:\/\/eurotherm.eu\/de\/wp-json\/wp\/v2\/types\/post"}],"author":[{"embeddable":true,"href":"https:\/\/eurotherm.eu\/de\/wp-json\/wp\/v2\/users\/5"}],"replies":[{"embeddable":true,"href":"https:\/\/eurotherm.eu\/de\/wp-json\/wp\/v2\/comments?post=49760"}],"version-history":[{"count":2,"href":"https:\/\/eurotherm.eu\/de\/wp-json\/wp\/v2\/posts\/49760\/revisions"}],"predecessor-version":[{"id":52321,"href":"https:\/\/eurotherm.eu\/de\/wp-json\/wp\/v2\/posts\/49760\/revisions\/52321"}],"wp:featuredmedia":[{"embeddable":true,"href":"https:\/\/eurotherm.eu\/de\/wp-json\/wp\/v2\/media\/52225"}],"wp:attachment":[{"href":"https:\/\/eurotherm.eu\/de\/wp-json\/wp\/v2\/media?parent=49760"}],"wp:term":[{"taxonomy":"category","embeddable":true,"href":"https:\/\/eurotherm.eu\/de\/wp-json\/wp\/v2\/categories?post=49760"},{"taxonomy":"post_tag","embeddable":true,"href":"https:\/\/eurotherm.eu\/de\/wp-json\/wp\/v2\/tags?post=49760"}],"curies":[{"name":"wp","href":"https:\/\/api.w.org\/{rel}","templated":true}]}}