{"id":49752,"date":"2022-05-03T09:25:03","date_gmt":"2022-05-03T07:25:03","guid":{"rendered":"https:\/\/eurotherm.eu\/eurotherm-global-industrie-paris-2022\/"},"modified":"2025-06-20T11:11:16","modified_gmt":"2025-06-20T09:11:16","slug":"eurotherm-global-industrie-paris-2022","status":"publish","type":"post","link":"https:\/\/eurotherm.eu\/de\/eurotherm-global-industrie-paris-2022\/","title":{"rendered":"Eurotherm @ Global Industrie Paris 2022"},"content":{"rendered":"<p><br \/>\nEurotherm wird auf der Global Industrie Paris vertreten sein, die dieses Jahr ein Thema in den Mittelpunkt r\u00fcckt, das uns sehr am Herzen liegt: verantwortungsvolle Industrialisierung.<\/p>\n<p>In nur drei Ausgaben hat sich die Global Industrie Paris aufgrund ihrer modernen und zukunftsorientierten Vision als eine der f\u00fchrenden Fachmessen der Welt best\u00e4tigt, die sich der Branche verschrieben hat.<\/p>\n<p>Von kleinen innovativen Start-ups bis hin zu den gr\u00f6\u00dften Industrien f\u00fcr ein einziges Ziel: die besten technologisch fortschrittlichen L\u00f6sungen zu finden.<\/p>\n<p>Wir beteiligen uns gerne an der Vertretung der Avantgarde der industriellen Exzellenz. Eine ausgezeichnete Gelegenheit, unsere Arbeit zu pr\u00e4sentieren, aber vor allem, um die Trends zu beobachten, die zu den industriellen Ver\u00e4nderungen von morgen f\u00fchren werden.<\/p>\n<p>Dies sind einige der Fotos unserer St\u00e4nde fr\u00fcherer Ausgaben &#8230; und dieses Jahr?<br \/>\n<\/p>\n<div class=\"swiper-gallery-dida\">\n<div class=\"swiper-wrapper\">\n<div class=\"swiper-slide\">\n<div class=\"respimg-cont\"><img decoding=\"async\" loading=\"lazy\" src=\"https:\/\/eurotherm.eu\/wp-content\/uploads\/2022\/05\/BSCH3811-1030x773.jpg\" alt=\"Eurotherm\" title=\"Eurotherm\"><\/div>\n<\/div>\n<div class=\"swiper-slide\">\n<div class=\"respimg-cont\"><img decoding=\"async\" loading=\"lazy\" src=\"https:\/\/eurotherm.eu\/wp-content\/uploads\/2022\/05\/20160405234057-1-1030x579.jpg\" alt=\"Eurotherm\" title=\"Eurotherm\"><\/div>\n<\/div>\n<div class=\"swiper-slide\">\n<div class=\"respimg-cont\"><img decoding=\"async\" loading=\"lazy\" src=\"https:\/\/eurotherm.eu\/wp-content\/uploads\/2022\/05\/20160405234057-5-1030x773.jpg\" alt=\"Eurotherm\" title=\"Eurotherm\"><\/div>\n<\/div>\n<div class=\"swiper-slide\">\n<div class=\"respimg-cont\"><img decoding=\"async\" loading=\"lazy\" src=\"https:\/\/eurotherm.eu\/wp-content\/uploads\/2022\/05\/20160405234426-773x1030.jpg\" alt=\"Eurotherm\" title=\"Eurotherm\"><\/div>\n<\/div>\n<div class=\"swiper-slide\">\n<div class=\"respimg-cont\"><img decoding=\"async\" loading=\"lazy\" src=\"https:\/\/eurotherm.eu\/wp-content\/uploads\/2022\/05\/20160405234359-773x1030.jpg\" alt=\"Eurotherm\" title=\"Eurotherm\"><\/div>\n<\/div>\n<div class=\"swiper-slide\">\n<div class=\"respimg-cont\"><img decoding=\"async\" loading=\"lazy\" src=\"https:\/\/eurotherm.eu\/wp-content\/uploads\/2022\/05\/CSPL0485-773x1030.jpg\" alt=\"Eurotherm\" title=\"Eurotherm\"><\/div>\n<\/div>\n<div class=\"swiper-slide\">\n<div class=\"respimg-cont\"><img decoding=\"async\" loading=\"lazy\" src=\"https:\/\/eurotherm.eu\/wp-content\/uploads\/2022\/05\/EDJG1251-773x1030.jpg\" alt=\"Eurotherm\" title=\"Eurotherm\"><\/div>\n<\/div>\n<div class=\"swiper-slide\">\n<div class=\"respimg-cont\"><img decoding=\"async\" loading=\"lazy\" src=\"https:\/\/eurotherm.eu\/wp-content\/uploads\/2022\/05\/EUFS3580-773x1030.jpg\" alt=\"Eurotherm\" title=\"Eurotherm\"><\/div>\n<\/div>\n<div class=\"swiper-slide\">\n<div class=\"respimg-cont\"><img decoding=\"async\" loading=\"lazy\" src=\"https:\/\/eurotherm.eu\/wp-content\/uploads\/2022\/05\/c4f42171-e66f-4d49-a404-e5894a902ff9-1030x773.jpg\" alt=\"Eurotherm\" title=\"Eurotherm\"><\/div>\n<\/div>\n<div class=\"swiper-slide\">\n<div class=\"respimg-cont\"><img decoding=\"async\" loading=\"lazy\" src=\"https:\/\/eurotherm.eu\/wp-content\/uploads\/2022\/05\/0158dd64-f05b-47f6-b760-2641e211b014-1030x773.jpg\" alt=\"Eurotherm\" title=\"Eurotherm\"><\/div>\n<\/div>\n<div class=\"swiper-slide\">\n<div class=\"respimg-cont\"><img decoding=\"async\" loading=\"lazy\" src=\"https:\/\/eurotherm.eu\/wp-content\/uploads\/2022\/05\/3c830d65-354f-47ad-8fb1-d9d3dd6dbfc9-773x1030.jpg\" alt=\"Eurotherm\" title=\"Eurotherm\"><\/div>\n<\/div>\n<\/div>\n<\/div>\n<p><br \/>\nWir sehen uns auf der Global Industrie, Paris Nord Villepinte vom 17. bis 20. Mai in Halle 6, Stand M14.<\/p>\n<p>Ihr kostenloses Ticket k\u00f6nnen Sie hier herunterladen (<a href=\"https:\/\/globalindustrie2022.site.calypso-event.net\/visiteur\/global.htm\" target=\"_blank\" rel=\"noopener\">Global Industrie Tickets<\/a>).<br \/>\n<\/p>\n<div class=\"respimg-cont\"><img decoding=\"async\" loading=\"lazy\" src=\"https:\/\/eurotherm.eu\/wp-content\/uploads\/2022\/05\/GI-Linkedin-Profil-1584x396px-x2-1030x266.jpg\" alt=\"Eurotherm\" title=\"Eurotherm\"><\/div>\n","protected":false},"excerpt":{"rendered":"<p>Eurotherm wird auf der Global Industrie Paris vertreten sein, die dieses Jahr ein Thema in den Mittelpunkt r\u00fcckt, das uns sehr am Herzen liegt: verantwortungsvolle Industrialisierung. In nur drei Ausgaben hat sich die Global Industrie Paris aufgrund ihrer modernen und zukunftsorientierten Vision als eine der f\u00fchrenden Fachmessen der Welt best\u00e4tigt, die sich der Branche verschrieben [&hellip;]<\/p>\n","protected":false},"author":5,"featured_media":52230,"comment_status":"open","ping_status":"open","sticky":false,"template":"","format":"standard","meta":{"_acf_changed":false,"footnotes":""},"categories":[209],"tags":[],"class_list":["post-49752","post","type-post","status-publish","format-standard","has-post-thumbnail","hentry","category-veranstaltung"],"acf":[],"_links":{"self":[{"href":"https:\/\/eurotherm.eu\/de\/wp-json\/wp\/v2\/posts\/49752","targetHints":{"allow":["GET"]}}],"collection":[{"href":"https:\/\/eurotherm.eu\/de\/wp-json\/wp\/v2\/posts"}],"about":[{"href":"https:\/\/eurotherm.eu\/de\/wp-json\/wp\/v2\/types\/post"}],"author":[{"embeddable":true,"href":"https:\/\/eurotherm.eu\/de\/wp-json\/wp\/v2\/users\/5"}],"replies":[{"embeddable":true,"href":"https:\/\/eurotherm.eu\/de\/wp-json\/wp\/v2\/comments?post=49752"}],"version-history":[{"count":2,"href":"https:\/\/eurotherm.eu\/de\/wp-json\/wp\/v2\/posts\/49752\/revisions"}],"predecessor-version":[{"id":52324,"href":"https:\/\/eurotherm.eu\/de\/wp-json\/wp\/v2\/posts\/49752\/revisions\/52324"}],"wp:featuredmedia":[{"embeddable":true,"href":"https:\/\/eurotherm.eu\/de\/wp-json\/wp\/v2\/media\/52230"}],"wp:attachment":[{"href":"https:\/\/eurotherm.eu\/de\/wp-json\/wp\/v2\/media?parent=49752"}],"wp:term":[{"taxonomy":"category","embeddable":true,"href":"https:\/\/eurotherm.eu\/de\/wp-json\/wp\/v2\/categories?post=49752"},{"taxonomy":"post_tag","embeddable":true,"href":"https:\/\/eurotherm.eu\/de\/wp-json\/wp\/v2\/tags?post=49752"}],"curies":[{"name":"wp","href":"https:\/\/api.w.org\/{rel}","templated":true}]}}