{"id":49736,"date":"2022-03-24T14:30:28","date_gmt":"2022-03-24T13:30:28","guid":{"rendered":"https:\/\/eurotherm.eu\/eurotherm-expo-surface-2022\/"},"modified":"2025-06-20T11:14:27","modified_gmt":"2025-06-20T09:14:27","slug":"eurotherm-expo-surface-2022","status":"publish","type":"post","link":"https:\/\/eurotherm.eu\/de\/eurotherm-expo-surface-2022\/","title":{"rendered":"Eurotherm @ Expo-Surface 2022"},"content":{"rendered":"<p><br \/>\nF\u00fcr Unternehmen sind Messen eine wichtige Gelegenheit, nicht nur ihre Produkte bekannt zu machen, sondern sich auch mit Kollegen, Fachleuten und Kunden zu vernetzen. Ein Handschlag und Gespr\u00e4che von Angesicht zu Angesicht sind zwei m\u00e4chtige Werkzeuge, mit denen Sie profitable und dauerhafte berufliche Beziehungen aufbauen k\u00f6nnen.<\/p>\n<p>F\u00fcr unsere Branche ist die Expo-Surface unverzichtbar. Die <strong>Ausstellung f\u00fcr Korrosionsschutztechnik und Oberfl\u00e4chenbehandlung<\/strong> in Kielce, Polen, ist eine der gr\u00f6\u00dften Messen in Mittel- und Osteuropa: 7 Pavillons, mehr als 500 Aussteller, eine wichtige Beteiligung der Branche.<\/p>\n<p>Nach zwei Jahren Pandemie kehrt die Messe zu ihrem Fr\u00fchjahrsprogramm zur\u00fcck. Und der Fr\u00fchling ist bekanntlich die Jahreszeit, in der Neues w\u00e4chst: seien es Projekte oder Kooperationen, Beziehungen oder Ideen.<\/p>\n<p>Eurotherm wird selbstverst\u00e4ndlich auf der Expo-Surface 2022 vertreten sein.<\/p>\n<p><strong>Unsere Koordinaten<\/strong>: Halle G, Stand 68.<\/p>\n<p>Wir freuen uns auf Sie!<\/p>\n<p><img loading=\"lazy\" decoding=\"async\" class=\"aligncenter wp-image-16023 size-full\" src=\"https:\/\/eurotherm.eu\/wp-content\/uploads\/2022\/03\/expo-surface-2022.jpg\" alt=\"expo-surface-2022\" width=\"803\" height=\"353\" title=\"Eurotherm\"><br \/>\n<\/p>\n<div class=\"swiper-gallery-dida\">\n<div class=\"swiper-wrapper\"><\/div>\n<\/div>\n","protected":false},"excerpt":{"rendered":"<p>F\u00fcr Unternehmen sind Messen eine wichtige Gelegenheit, nicht nur ihre Produkte bekannt zu machen, sondern sich auch mit Kollegen, Fachleuten und Kunden zu vernetzen. Ein Handschlag und Gespr\u00e4che von Angesicht zu Angesicht sind zwei m\u00e4chtige Werkzeuge, mit denen Sie profitable und dauerhafte berufliche Beziehungen aufbauen k\u00f6nnen. F\u00fcr unsere Branche ist die Expo-Surface unverzichtbar. Die Ausstellung [&hellip;]<\/p>\n","protected":false},"author":5,"featured_media":52240,"comment_status":"open","ping_status":"open","sticky":false,"template":"","format":"standard","meta":{"_acf_changed":false,"footnotes":""},"categories":[209],"tags":[],"class_list":["post-49736","post","type-post","status-publish","format-standard","has-post-thumbnail","hentry","category-veranstaltung"],"acf":[],"_links":{"self":[{"href":"https:\/\/eurotherm.eu\/de\/wp-json\/wp\/v2\/posts\/49736","targetHints":{"allow":["GET"]}}],"collection":[{"href":"https:\/\/eurotherm.eu\/de\/wp-json\/wp\/v2\/posts"}],"about":[{"href":"https:\/\/eurotherm.eu\/de\/wp-json\/wp\/v2\/types\/post"}],"author":[{"embeddable":true,"href":"https:\/\/eurotherm.eu\/de\/wp-json\/wp\/v2\/users\/5"}],"replies":[{"embeddable":true,"href":"https:\/\/eurotherm.eu\/de\/wp-json\/wp\/v2\/comments?post=49736"}],"version-history":[{"count":2,"href":"https:\/\/eurotherm.eu\/de\/wp-json\/wp\/v2\/posts\/49736\/revisions"}],"predecessor-version":[{"id":52332,"href":"https:\/\/eurotherm.eu\/de\/wp-json\/wp\/v2\/posts\/49736\/revisions\/52332"}],"wp:featuredmedia":[{"embeddable":true,"href":"https:\/\/eurotherm.eu\/de\/wp-json\/wp\/v2\/media\/52240"}],"wp:attachment":[{"href":"https:\/\/eurotherm.eu\/de\/wp-json\/wp\/v2\/media?parent=49736"}],"wp:term":[{"taxonomy":"category","embeddable":true,"href":"https:\/\/eurotherm.eu\/de\/wp-json\/wp\/v2\/categories?post=49736"},{"taxonomy":"post_tag","embeddable":true,"href":"https:\/\/eurotherm.eu\/de\/wp-json\/wp\/v2\/tags?post=49736"}],"curies":[{"name":"wp","href":"https:\/\/api.w.org\/{rel}","templated":true}]}}